{"id":1644,"date":"2019-11-27T14:50:31","date_gmt":"2019-11-27T14:50:31","guid":{"rendered":"http:\/\/scmalcacovas.pt\/home\/?p=1644"},"modified":"2019-11-27T14:50:31","modified_gmt":"2019-11-27T14:50:31","slug":"conferencia-a-vida-um-caminho-de-esperanca","status":"publish","type":"post","link":"http:\/\/scmalcacovas.pt\/home\/2019\/11\/27\/conferencia-a-vida-um-caminho-de-esperanca\/","title":{"rendered":"Confer\u00eancia \u201cA vida: um caminho de esperan\u00e7a\u201d"},"content":{"rendered":"<p>No Ocidente, o m\u00eas de Novembro inicia com a solenidade de Todos os Santos e a comemora\u00e7\u00e3o de Todos os Fi\u00e9is Defuntos. De facto, este m\u00eas \u00e9 muito vivido, na Piedade Popular, como o m\u00eas da mem\u00f3ria dos defuntos, comumente chamado \u201cm\u00eas das almas\u201d, expressando a f\u00e9 na ressurrei\u00e7\u00e3o dos mortos e na vida eterna.<\/p>\n<p>Sendo uma tem\u00e1tica de dif\u00edcil abordagem, mas fortemente demarcada no dia-a-dia das nossas vidas, e com vista a uma correta abordagem e reflex\u00e3o sobre a mesma, deixamos o convite a participa\u00e7\u00e3o na confer\u00eancia <strong>\u201cA vida: um caminho de esperan\u00e7a\u201d<\/strong>, tendo como orador, Reverendo C\u00f3nego M\u00e1rio Tavares de Oliveira.<\/p>\n","protected":false},"excerpt":{"rendered":"<p>No Ocidente, o m\u00eas de Novembro inicia com a solenidade de Todos os Santos e a comemora\u00e7\u00e3o de Todos os [&hellip;]<\/p>\n","protected":false},"author":4,"featured_media":1645,"comment_status":"closed","ping_status":"closed","sticky":false,"template":"","format":"standard","meta":{"footnotes":""},"categories":[1],"tags":[],"class_list":["post-1644","post","type-post","status-publish","format-standard","has-post-thumbnail","hentry","category-noticias"],"_links":{"self":[{"href":"http:\/\/scmalcacovas.pt\/home\/wp-json\/wp\/v2\/posts\/1644","targetHints":{"allow":["GET"]}}],"collection":[{"href":"http:\/\/scmalcacovas.pt\/home\/wp-json\/wp\/v2\/posts"}],"about":[{"href":"http:\/\/scmalcacovas.pt\/home\/wp-json\/wp\/v2\/types\/post"}],"author":[{"embeddable":true,"href":"http:\/\/scmalcacovas.pt\/home\/wp-json\/wp\/v2\/users\/4"}],"replies":[{"embeddable":true,"href":"http:\/\/scmalcacovas.pt\/home\/wp-json\/wp\/v2\/comments?post=1644"}],"version-history":[{"count":1,"href":"http:\/\/scmalcacovas.pt\/home\/wp-json\/wp\/v2\/posts\/1644\/revisions"}],"predecessor-version":[{"id":1646,"href":"http:\/\/scmalcacovas.pt\/home\/wp-json\/wp\/v2\/posts\/1644\/revisions\/1646"}],"wp:featuredmedia":[{"embeddable":true,"href":"http:\/\/scmalcacovas.pt\/home\/wp-json\/wp\/v2\/media\/1645"}],"wp:attachment":[{"href":"http:\/\/scmalcacovas.pt\/home\/wp-json\/wp\/v2\/media?parent=1644"}],"wp:term":[{"taxonomy":"category","embeddable":true,"href":"http:\/\/scmalcacovas.pt\/home\/wp-json\/wp\/v2\/categories?post=1644"},{"taxonomy":"post_tag","embeddable":true,"href":"http:\/\/scmalcacovas.pt\/home\/wp-json\/wp\/v2\/tags?post=1644"}],"curies":[{"name":"wp","href":"https:\/\/api.w.org\/{rel}","templated":true}]}}