{"id":1648,"date":"2019-12-19T15:58:32","date_gmt":"2019-12-19T15:58:32","guid":{"rendered":"http:\/\/scmalcacovas.pt\/home\/?p=1648"},"modified":"2019-12-19T16:01:17","modified_gmt":"2019-12-19T16:01:17","slug":"conferencia-sob-o-tema-vida-um-caminho-para-a-esperanca","status":"publish","type":"post","link":"http:\/\/scmalcacovas.pt\/home\/2019\/12\/19\/conferencia-sob-o-tema-vida-um-caminho-para-a-esperanca\/","title":{"rendered":"Confer\u00eancia sob o tema \u201cVida: Um caminho para a Esperan\u00e7a\u201d"},"content":{"rendered":"<p>No passado dia 29 de Novembro,&nbsp; teve lugar na Santa Casa da Miseric\u00f3rdia das Alc\u00e1\u00e7ovas, a confer\u00eancia sob o tema \u201cVida: Um caminho para a Esperan\u00e7a\u201d, sendo orador convidado Reverendo C\u00f3nego Padre M\u00e1rio Tavares de Oliveira. Participou na confer\u00eancia um enorme n\u00famero de utentes da Institui\u00e7\u00e3o, bem como alguns membros da nossa comunidade Paroquial, e membros do N\u00facleo local do Apostolado da Ora\u00e7\u00e3o.<\/p>\n<p>A confer\u00eancia abordou a Esperan\u00e7a, como caminho para o Amor de Deus, conforto e amparo de todos os momentos do quotidiano.<\/p>\n<div id='gallery-1' class='gallery galleryid-1648 gallery-columns-3 gallery-size-medium'><figure class='gallery-item'>\n\t\t\t<div class='gallery-icon landscape'>\n\t\t\t\t<a href='http:\/\/scmalcacovas.pt\/home\/2019\/12\/19\/conferencia-sob-o-tema-vida-um-caminho-para-a-esperanca\/img_20191129_152558\/'><img loading=\"lazy\" decoding=\"async\" width=\"300\" height=\"225\" src=\"http:\/\/scmalcacovas.pt\/home\/wp-content\/uploads\/2019\/12\/IMG_20191129_152558-300x225.jpg\" class=\"attachment-medium size-medium\" alt=\"fotografias\" srcset=\"http:\/\/scmalcacovas.pt\/home\/wp-content\/uploads\/2019\/12\/IMG_20191129_152558-300x225.jpg 300w, http:\/\/scmalcacovas.pt\/home\/wp-content\/uploads\/2019\/12\/IMG_20191129_152558-1024x768.jpg 1024w, http:\/\/scmalcacovas.pt\/home\/wp-content\/uploads\/2019\/12\/IMG_20191129_152558-768x576.jpg 768w, http:\/\/scmalcacovas.pt\/home\/wp-content\/uploads\/2019\/12\/IMG_20191129_152558-1536x1152.jpg 1536w, http:\/\/scmalcacovas.pt\/home\/wp-content\/uploads\/2019\/12\/IMG_20191129_152558-2048x1536.jpg 2048w\" sizes=\"auto, (max-width: 300px) 100vw, 300px\" \/><\/a>\n\t\t\t<\/div><\/figure><figure class='gallery-item'>\n\t\t\t<div class='gallery-icon landscape'>\n\t\t\t\t<a href='http:\/\/scmalcacovas.pt\/home\/2019\/12\/19\/conferencia-sob-o-tema-vida-um-caminho-para-a-esperanca\/img_20191129_152611\/'><img loading=\"lazy\" decoding=\"async\" width=\"300\" height=\"225\" src=\"http:\/\/scmalcacovas.pt\/home\/wp-content\/uploads\/2019\/12\/IMG_20191129_152611-300x225.jpg\" class=\"attachment-medium size-medium\" alt=\"\" srcset=\"http:\/\/scmalcacovas.pt\/home\/wp-content\/uploads\/2019\/12\/IMG_20191129_152611-300x225.jpg 300w, http:\/\/scmalcacovas.pt\/home\/wp-content\/uploads\/2019\/12\/IMG_20191129_152611-1024x768.jpg 1024w, http:\/\/scmalcacovas.pt\/home\/wp-content\/uploads\/2019\/12\/IMG_20191129_152611-768x576.jpg 768w, http:\/\/scmalcacovas.pt\/home\/wp-content\/uploads\/2019\/12\/IMG_20191129_152611-1536x1152.jpg 1536w, http:\/\/scmalcacovas.pt\/home\/wp-content\/uploads\/2019\/12\/IMG_20191129_152611-2048x1536.jpg 2048w\" sizes=\"auto, (max-width: 300px) 100vw, 300px\" \/><\/a>\n\t\t\t<\/div><\/figure><figure class='gallery-item'>\n\t\t\t<div class='gallery-icon landscape'>\n\t\t\t\t<a href='http:\/\/scmalcacovas.pt\/home\/2019\/12\/19\/conferencia-sob-o-tema-vida-um-caminho-para-a-esperanca\/img_20191129_153545\/'><img loading=\"lazy\" decoding=\"async\" width=\"300\" height=\"225\" src=\"http:\/\/scmalcacovas.pt\/home\/wp-content\/uploads\/2019\/12\/IMG_20191129_153545-300x225.jpg\" class=\"attachment-medium size-medium\" alt=\"\" srcset=\"http:\/\/scmalcacovas.pt\/home\/wp-content\/uploads\/2019\/12\/IMG_20191129_153545-300x225.jpg 300w, http:\/\/scmalcacovas.pt\/home\/wp-content\/uploads\/2019\/12\/IMG_20191129_153545-1024x768.jpg 1024w, http:\/\/scmalcacovas.pt\/home\/wp-content\/uploads\/2019\/12\/IMG_20191129_153545-768x576.jpg 768w, http:\/\/scmalcacovas.pt\/home\/wp-content\/uploads\/2019\/12\/IMG_20191129_153545-1536x1152.jpg 1536w, http:\/\/scmalcacovas.pt\/home\/wp-content\/uploads\/2019\/12\/IMG_20191129_153545-2048x1536.jpg 2048w\" sizes=\"auto, (max-width: 300px) 100vw, 300px\" \/><\/a>\n\t\t\t<\/div><\/figure>\n\t\t<\/div>\n\n","protected":false},"excerpt":{"rendered":"<p>No passado dia 29 de Novembro,&nbsp; teve lugar na Santa Casa da Miseric\u00f3rdia das Alc\u00e1\u00e7ovas, a confer\u00eancia sob o tema [&hellip;]<\/p>\n","protected":false},"author":4,"featured_media":1649,"comment_status":"closed","ping_status":"closed","sticky":false,"template":"","format":"standard","meta":{"footnotes":""},"categories":[1],"tags":[],"class_list":["post-1648","post","type-post","status-publish","format-standard","has-post-thumbnail","hentry","category-noticias"],"_links":{"self":[{"href":"http:\/\/scmalcacovas.pt\/home\/wp-json\/wp\/v2\/posts\/1648","targetHints":{"allow":["GET"]}}],"collection":[{"href":"http:\/\/scmalcacovas.pt\/home\/wp-json\/wp\/v2\/posts"}],"about":[{"href":"http:\/\/scmalcacovas.pt\/home\/wp-json\/wp\/v2\/types\/post"}],"author":[{"embeddable":true,"href":"http:\/\/scmalcacovas.pt\/home\/wp-json\/wp\/v2\/users\/4"}],"replies":[{"embeddable":true,"href":"http:\/\/scmalcacovas.pt\/home\/wp-json\/wp\/v2\/comments?post=1648"}],"version-history":[{"count":2,"href":"http:\/\/scmalcacovas.pt\/home\/wp-json\/wp\/v2\/posts\/1648\/revisions"}],"predecessor-version":[{"id":1653,"href":"http:\/\/scmalcacovas.pt\/home\/wp-json\/wp\/v2\/posts\/1648\/revisions\/1653"}],"wp:featuredmedia":[{"embeddable":true,"href":"http:\/\/scmalcacovas.pt\/home\/wp-json\/wp\/v2\/media\/1649"}],"wp:attachment":[{"href":"http:\/\/scmalcacovas.pt\/home\/wp-json\/wp\/v2\/media?parent=1648"}],"wp:term":[{"taxonomy":"category","embeddable":true,"href":"http:\/\/scmalcacovas.pt\/home\/wp-json\/wp\/v2\/categories?post=1648"},{"taxonomy":"post_tag","embeddable":true,"href":"http:\/\/scmalcacovas.pt\/home\/wp-json\/wp\/v2\/tags?post=1648"}],"curies":[{"name":"wp","href":"https:\/\/api.w.org\/{rel}","templated":true}]}}