{"id":1654,"date":"2019-12-19T16:05:57","date_gmt":"2019-12-19T16:05:57","guid":{"rendered":"http:\/\/scmalcacovas.pt\/home\/?p=1654"},"modified":"2019-12-19T16:07:11","modified_gmt":"2019-12-19T16:07:11","slug":"cerimonia-oficial-de-bencao-do-memorial","status":"publish","type":"post","link":"http:\/\/scmalcacovas.pt\/home\/2019\/12\/19\/cerimonia-oficial-de-bencao-do-memorial\/","title":{"rendered":"Cerim\u00f3nia Oficial de B\u00ean\u00e7\u00e3o do Memorial"},"content":{"rendered":"<p>Decorreu no passado s\u00e1bado dia 30 de Novembro, \u00e0 tarde no Cemit\u00e9rio de Alc\u00e1\u00e7ovas a cerimonia oficial de b\u00ean\u00e7\u00e3o do Memorial que invoca a mem\u00f3ria dos Irm\u00e3os, Benfeitores e Benem\u00e9ritos da Irmandade da Santa Casa da Miseric\u00f3rdia das Alc\u00e1\u00e7ovas.<\/p>\n<p>Estiveram presente, apesar da chuva que se fez sentir, alguns Irm\u00e3os e o Senhor Provedor Jo\u00e3o Penetra a mes\u00e1ria Senhora D. Palmira Mareco, que assim cumpriram com zelo de este acto de prestar mem\u00f3ria aos Irm\u00e3os j\u00e1 falecidos. Presidiu \u00e0 Celebra\u00e7\u00e3o o Reverendo Capel\u00e3o Padre Abra\u00e3o.<\/p>\n<p>Ap\u00f3s este momento teve lugar na Igreja deste Miseric\u00f3rdia, a Eucaristia de sufr\u00e1gio anual dos Irm\u00e3os, Benfeitores e Benem\u00e9ritos falecidos desta Irmandade.<\/p>\n<div id='gallery-1' class='gallery galleryid-1654 gallery-columns-3 gallery-size-medium'><figure class='gallery-item'>\n\t\t\t<div class='gallery-icon portrait'>\n\t\t\t\t<a href='http:\/\/scmalcacovas.pt\/home\/2019\/12\/19\/cerimonia-oficial-de-bencao-do-memorial\/img-20191203-wa0001\/'><img loading=\"lazy\" decoding=\"async\" width=\"225\" height=\"300\" src=\"http:\/\/scmalcacovas.pt\/home\/wp-content\/uploads\/2019\/12\/IMG-20191203-WA0001-225x300.jpg\" class=\"attachment-medium size-medium\" alt=\"\" srcset=\"http:\/\/scmalcacovas.pt\/home\/wp-content\/uploads\/2019\/12\/IMG-20191203-WA0001-225x300.jpg 225w, http:\/\/scmalcacovas.pt\/home\/wp-content\/uploads\/2019\/12\/IMG-20191203-WA0001-768x1024.jpg 768w, http:\/\/scmalcacovas.pt\/home\/wp-content\/uploads\/2019\/12\/IMG-20191203-WA0001-1152x1536.jpg 1152w, http:\/\/scmalcacovas.pt\/home\/wp-content\/uploads\/2019\/12\/IMG-20191203-WA0001.jpg 1224w\" sizes=\"auto, (max-width: 225px) 100vw, 225px\" \/><\/a>\n\t\t\t<\/div><\/figure><figure class='gallery-item'>\n\t\t\t<div class='gallery-icon portrait'>\n\t\t\t\t<a href='http:\/\/scmalcacovas.pt\/home\/2019\/12\/19\/cerimonia-oficial-de-bencao-do-memorial\/img-20191203-wa0002\/'><img loading=\"lazy\" decoding=\"async\" width=\"225\" height=\"300\" src=\"http:\/\/scmalcacovas.pt\/home\/wp-content\/uploads\/2019\/12\/IMG-20191203-WA0002-225x300.jpg\" class=\"attachment-medium size-medium\" alt=\"\" srcset=\"http:\/\/scmalcacovas.pt\/home\/wp-content\/uploads\/2019\/12\/IMG-20191203-WA0002-225x300.jpg 225w, http:\/\/scmalcacovas.pt\/home\/wp-content\/uploads\/2019\/12\/IMG-20191203-WA0002-768x1024.jpg 768w, http:\/\/scmalcacovas.pt\/home\/wp-content\/uploads\/2019\/12\/IMG-20191203-WA0002-1152x1536.jpg 1152w, http:\/\/scmalcacovas.pt\/home\/wp-content\/uploads\/2019\/12\/IMG-20191203-WA0002.jpg 1224w\" sizes=\"auto, (max-width: 225px) 100vw, 225px\" \/><\/a>\n\t\t\t<\/div><\/figure><figure class='gallery-item'>\n\t\t\t<div class='gallery-icon portrait'>\n\t\t\t\t<a href='http:\/\/scmalcacovas.pt\/home\/2019\/12\/19\/cerimonia-oficial-de-bencao-do-memorial\/img-20191203-wa0003\/'><img loading=\"lazy\" decoding=\"async\" width=\"225\" height=\"300\" src=\"http:\/\/scmalcacovas.pt\/home\/wp-content\/uploads\/2019\/12\/IMG-20191203-WA0003-225x300.jpg\" class=\"attachment-medium size-medium\" alt=\"\" srcset=\"http:\/\/scmalcacovas.pt\/home\/wp-content\/uploads\/2019\/12\/IMG-20191203-WA0003-225x300.jpg 225w, http:\/\/scmalcacovas.pt\/home\/wp-content\/uploads\/2019\/12\/IMG-20191203-WA0003.jpg 612w\" sizes=\"auto, (max-width: 225px) 100vw, 225px\" \/><\/a>\n\t\t\t<\/div><\/figure><figure class='gallery-item'>\n\t\t\t<div class='gallery-icon portrait'>\n\t\t\t\t<a href='http:\/\/scmalcacovas.pt\/home\/2019\/12\/19\/cerimonia-oficial-de-bencao-do-memorial\/img-20191203-wa0005\/'><img loading=\"lazy\" decoding=\"async\" width=\"225\" height=\"300\" src=\"http:\/\/scmalcacovas.pt\/home\/wp-content\/uploads\/2019\/12\/IMG-20191203-WA0005-225x300.jpg\" class=\"attachment-medium size-medium\" alt=\"\" srcset=\"http:\/\/scmalcacovas.pt\/home\/wp-content\/uploads\/2019\/12\/IMG-20191203-WA0005-225x300.jpg 225w, http:\/\/scmalcacovas.pt\/home\/wp-content\/uploads\/2019\/12\/IMG-20191203-WA0005-768x1024.jpg 768w, http:\/\/scmalcacovas.pt\/home\/wp-content\/uploads\/2019\/12\/IMG-20191203-WA0005-1152x1536.jpg 1152w, http:\/\/scmalcacovas.pt\/home\/wp-content\/uploads\/2019\/12\/IMG-20191203-WA0005.jpg 1224w\" sizes=\"auto, (max-width: 225px) 100vw, 225px\" \/><\/a>\n\t\t\t<\/div><\/figure>\n\t\t<\/div>\n\n","protected":false},"excerpt":{"rendered":"<p>Decorreu no passado s\u00e1bado dia 30 de Novembro, \u00e0 tarde no Cemit\u00e9rio de Alc\u00e1\u00e7ovas a cerimonia oficial de b\u00ean\u00e7\u00e3o do [&hellip;]<\/p>\n","protected":false},"author":4,"featured_media":1655,"comment_status":"closed","ping_status":"closed","sticky":false,"template":"","format":"standard","meta":{"footnotes":""},"categories":[1],"tags":[],"class_list":["post-1654","post","type-post","status-publish","format-standard","has-post-thumbnail","hentry","category-noticias"],"_links":{"self":[{"href":"http:\/\/scmalcacovas.pt\/home\/wp-json\/wp\/v2\/posts\/1654","targetHints":{"allow":["GET"]}}],"collection":[{"href":"http:\/\/scmalcacovas.pt\/home\/wp-json\/wp\/v2\/posts"}],"about":[{"href":"http:\/\/scmalcacovas.pt\/home\/wp-json\/wp\/v2\/types\/post"}],"author":[{"embeddable":true,"href":"http:\/\/scmalcacovas.pt\/home\/wp-json\/wp\/v2\/users\/4"}],"replies":[{"embeddable":true,"href":"http:\/\/scmalcacovas.pt\/home\/wp-json\/wp\/v2\/comments?post=1654"}],"version-history":[{"count":1,"href":"http:\/\/scmalcacovas.pt\/home\/wp-json\/wp\/v2\/posts\/1654\/revisions"}],"predecessor-version":[{"id":1659,"href":"http:\/\/scmalcacovas.pt\/home\/wp-json\/wp\/v2\/posts\/1654\/revisions\/1659"}],"wp:featuredmedia":[{"embeddable":true,"href":"http:\/\/scmalcacovas.pt\/home\/wp-json\/wp\/v2\/media\/1655"}],"wp:attachment":[{"href":"http:\/\/scmalcacovas.pt\/home\/wp-json\/wp\/v2\/media?parent=1654"}],"wp:term":[{"taxonomy":"category","embeddable":true,"href":"http:\/\/scmalcacovas.pt\/home\/wp-json\/wp\/v2\/categories?post=1654"},{"taxonomy":"post_tag","embeddable":true,"href":"http:\/\/scmalcacovas.pt\/home\/wp-json\/wp\/v2\/tags?post=1654"}],"curies":[{"name":"wp","href":"https:\/\/api.w.org\/{rel}","templated":true}]}}