{"id":1663,"date":"2020-01-14T14:47:54","date_gmt":"2020-01-14T14:47:54","guid":{"rendered":"http:\/\/scmalcacovas.pt\/home\/?p=1663"},"modified":"2020-01-14T14:49:11","modified_gmt":"2020-01-14T14:49:11","slug":"tomada-de-posse-dos-orgaos-sociais-da-santa-casa-da-misericordia-de-alcacovas-para-o-quadrienio-2020-2023","status":"publish","type":"post","link":"http:\/\/scmalcacovas.pt\/home\/2020\/01\/14\/tomada-de-posse-dos-orgaos-sociais-da-santa-casa-da-misericordia-de-alcacovas-para-o-quadrienio-2020-2023\/","title":{"rendered":"Tomada de Posse dos \u00d3rg\u00e3os Sociais da Santa Casa da Miseric\u00f3rdia de Alc\u00e1\u00e7ovas, para o quadri\u00e9nio 2020\/2023"},"content":{"rendered":"<p style=\"font-weight: 400; text-align: justify;\">Decorreu, no passado dia 5 de janeiro, na Igreja da Irmandade da Santa Casa da Miseric\u00f3rdia de Alc\u00e1\u00e7ovas, a tomada de posse dos novos \u00d3rg\u00e3os Sociais da Santa Casa da Miseric\u00f3rdia das Alc\u00e1\u00e7ovas, para o pr\u00f3ximo quadri\u00e9nio, eleitos a 14 de dezembro de 2019.<\/p>\n<p style=\"font-weight: 400; text-align: justify;\">O rito de tomada de posse, foi inserido na Celebra\u00e7\u00e3o Eucar\u00edstica, presidida pelo Reverendo C\u00f3nego Silvestre Marques, por se encontrar ausente o Reverendo Capel\u00e3o desta Irmandade, Padre Abra\u00e3o Mwaikafana.<\/p>\n<p style=\"font-weight: 400; text-align: justify;\">A celebra\u00e7\u00e3o contou com a presen\u00e7a de varias individualidades representantes das Miseric\u00f3rdias de Vimieiro, Azaruja e Reguengos e as IPSS&#8217;s Associa\u00e7\u00e3o Terra M\u00e3e, Associa\u00e7\u00e3o de Conv\u00edvio dos Reformados de Alc\u00e1\u00e7ovas, Delega\u00e7\u00e3o de Alc\u00e1\u00e7ovas da Cruz Vermelha Portuguesa, e ainda a coordenadora da Unidade de Cuidados na Comunidade de Viana do Alentejo. Estiveram ainda presentes, o senhor presidente do Secretariado Regional, e o chefe de gabinete do senhor Presidente do Secretariado Nacional da Uni\u00e3o das Miseric\u00f3rdias Portuguesas. As autarquias locais estiveram tamb\u00e9m presentes atrav\u00e9s de um Vereador da C\u00e2mara Municipal de Viana do Alentejo em representa\u00e7\u00e3o do senhor Presidente, e o Presidente da Junta de Freguesia de Alc\u00e1\u00e7ovas.<\/p>\n<p style=\"font-weight: 400; text-align: justify;\">No t\u00e9rmino da celebra\u00e7\u00e3o, o Provedor&nbsp;empossado, Jo\u00e3o Penetra, tomou a palavra enfatizando os objectivos do trabalho a que pretende dar continuidade na Institui\u00e7\u00e3o, deixando ainda agradecimentos \u00e0s diversas entidades presentes, aos irm\u00e3os, aos membros dos anteriores \u00f3rg\u00e3os sociais que foram substitu\u00eddos e aos que agora pela primeira vez integram os respectivos \u00f3rg\u00e3os. Por \u00faltimo dirigiu um agradecimento a todos os trabalhadores e colaboradores da institui\u00e7\u00e3o, referindo que s\u00e3o parte important\u00edssima do trabalho e da actua\u00e7\u00e3o da Institui\u00e7\u00e3o.<\/p>\n<p style=\"font-weight: 400; text-align: justify;\">Ap\u00f3s o encerramento da Celebra\u00e7\u00e3o, houve lugar, no sal\u00e3o da Galeria dos Ex-Provedores a um Alentejo de Honra, servido a todos os presentes.<\/p>\n<p style=\"font-weight: 400;\">__________________<\/p>\n","protected":false},"excerpt":{"rendered":"<p>Decorreu, no passado dia 5 de janeiro, na Igreja da Irmandade da Santa Casa da Miseric\u00f3rdia de Alc\u00e1\u00e7ovas, a tomada [&hellip;]<\/p>\n","protected":false},"author":4,"featured_media":1665,"comment_status":"closed","ping_status":"closed","sticky":false,"template":"","format":"standard","meta":{"footnotes":""},"categories":[1],"tags":[],"class_list":["post-1663","post","type-post","status-publish","format-standard","has-post-thumbnail","hentry","category-noticias"],"_links":{"self":[{"href":"http:\/\/scmalcacovas.pt\/home\/wp-json\/wp\/v2\/posts\/1663","targetHints":{"allow":["GET"]}}],"collection":[{"href":"http:\/\/scmalcacovas.pt\/home\/wp-json\/wp\/v2\/posts"}],"about":[{"href":"http:\/\/scmalcacovas.pt\/home\/wp-json\/wp\/v2\/types\/post"}],"author":[{"embeddable":true,"href":"http:\/\/scmalcacovas.pt\/home\/wp-json\/wp\/v2\/users\/4"}],"replies":[{"embeddable":true,"href":"http:\/\/scmalcacovas.pt\/home\/wp-json\/wp\/v2\/comments?post=1663"}],"version-history":[{"count":2,"href":"http:\/\/scmalcacovas.pt\/home\/wp-json\/wp\/v2\/posts\/1663\/revisions"}],"predecessor-version":[{"id":1666,"href":"http:\/\/scmalcacovas.pt\/home\/wp-json\/wp\/v2\/posts\/1663\/revisions\/1666"}],"wp:featuredmedia":[{"embeddable":true,"href":"http:\/\/scmalcacovas.pt\/home\/wp-json\/wp\/v2\/media\/1665"}],"wp:attachment":[{"href":"http:\/\/scmalcacovas.pt\/home\/wp-json\/wp\/v2\/media?parent=1663"}],"wp:term":[{"taxonomy":"category","embeddable":true,"href":"http:\/\/scmalcacovas.pt\/home\/wp-json\/wp\/v2\/categories?post=1663"},{"taxonomy":"post_tag","embeddable":true,"href":"http:\/\/scmalcacovas.pt\/home\/wp-json\/wp\/v2\/tags?post=1663"}],"curies":[{"name":"wp","href":"https:\/\/api.w.org\/{rel}","templated":true}]}}